{"id":12350,"date":"2019-05-08T23:48:02","date_gmt":"2019-05-08T23:48:02","guid":{"rendered":"http:\/\/www.xn--oatiturismo-1db.eus\/?p=12350"},"modified":"2019-05-08T23:48:02","modified_gmt":"2019-05-08T23:48:02","slug":"udaberriko-agenda","status":"publish","type":"post","link":"https:\/\/xn--oatiturismo-1db.eus\/es\/2019\/05\/08\/udaberriko-agenda\/","title":{"rendered":"Agenda primavera"},"content":{"rendered":"<p><\/p>\n<p style=\"text-align: justify;\">En mayo las mujeres de <a href=\"http:\/\/www.xn--oatiturismo-1db.eus\/listings\/onatiko-erdigune-historikoa\/\">O\u00f1ati<\/a> salen del olvido y el patrimonio de <a href=\"http:\/\/www.xn--oatiturismo-1db.eus\/listings\/arantzazuko-santutegia\/\">Arantzazu<\/a> se observa desde una mirada diferente. En junio el D\u00eda Mundial de las Cuevas y la tradicional celebraci\u00f3n del Corpus Cristi completan el programa. Esta primavera O\u00f1ati ofrece un programa completo con exposiciones, visitas guiadas especiales, jornadas equinas y fiestas tradicionales.<\/p>\n<h4 style=\"text-align: justify;\">O\u00f1ati.una mirada diferente<\/h4>\n<p style=\"text-align: justify;\"><span class=\"aligncenter\"><img loading=\"lazy\" decoding=\"async\" class=\"aligncenter size-full wp-image-12352\" src=\"http:\/\/www.o\u00f1atiturismo.eus\/wp-content\/uploads\/2019\/05\/maiatza.jpg\" alt=\"maiatza\" width=\"600\" height=\"200\" srcset=\"https:\/\/xn--oatiturismo-1db.eus\/wp-content\/uploads\/2019\/05\/maiatza.jpg 600w, https:\/\/xn--oatiturismo-1db.eus\/wp-content\/uploads\/2019\/05\/maiatza-300x100.jpg 300w, https:\/\/xn--oatiturismo-1db.eus\/wp-content\/uploads\/2019\/05\/maiatza-450x150.jpg 450w\" sizes=\"auto, (max-width: 600px) 100vw, 600px\" \/><\/span><\/p>\n<h5>9 de mayo- 2 de junio. O\u00f1atiko emakumiak errekautan.<\/h5>\n<p style=\"text-align: justify;\">Una exposici\u00f3n que visualiza el papel de las mujeres o\u00f1atiarras en el peque\u00f1o comercio. La labor de las mujeres delante y detr\u00e1s del mostrador, no solo como motor econ\u00f3mico, tambi\u00e9n como tejedoras de espacios clave para la vida vecinal, hablar\u00e1 con voz propia en la exposici\u00f3n que\u00a0 podr\u00e1 visitarse en O\u00f1ati. La muestra es fruto del trabajo que firman al alim\u00f3n Jone Arrazola e Irati Garai, en el marco de la primera edici\u00f3n de la beca Selma Huxley Barkham convocada por el Ayuntamiento. La exposici\u00f3n se completa con visitas guiadas tanto a lo largo de la exposici\u00f3n como por las calles de O\u00f1ati. Para m\u00e1s informaci\u00f3n consultar en el <a href=\"https:\/\/www.xn--oati-gqa.eus\/es\/agenda\/201conatiko-emakumiak-errekautan-xx-mendeko-komertzio-txikixaren-etnografia-feminista-bat201d?set_language=es\">siguiente enlace<\/a>.<\/p>\n<h5 style=\"text-align: justify;\">Maiatzak 19: O\u00f1atiko emakumeak herriko ondarean.<\/h5>\n<p style=\"text-align: justify;\">Bisita gidatuak izango dira maiatzaren 19an O\u00f1atiren historia emakumeen begiradatik ezagutzeko. O\u00f1atiko Turismo bulegoak\u00a0 eta Txokolateixiak historiak ahaztu dituen O\u00f1atiko emakumeak azaleratuko ditu.<\/p>\n<p style=\"text-align: center;\">11:00etan\u00a0<strong>\u00abEmakumea eta Txokolatea\u00bb<\/strong>\u00a0bisita gidatua\u00a0<a href=\"http:\/\/www.xn--oatiturismo-1db.eus\/listings\/txokolateixia-interpretazio-gunea\/\">Txokolateixian<\/a>.<\/p>\n<p style=\"text-align: center;\">12:00etan\u00a0<strong>\u00abEmakume Ikusezinak O\u00f1atin\u00bb<\/strong>\u00a0ibilbide gidatua\u00a0<a href=\"http:\/\/www.xn--oatiturismo-1db.eus\/listings\/onatiko-turismo-bulegoa\/\">Turismo Bulegoaren<\/a>\u00a0eskutik.<\/p>\n<p style=\"text-align: center;\">Informazio gehiago eta erreserbak:\u00a0<a href=\"mailto:turismo@onati.eus\">turismo@onati.eus\u00a0<\/a>edo 943783453<\/p>\n<h5 style=\"text-align: left;\">Maiatzak 25: Arte ala ondare? Arantzazu ikur.<\/h5>\n<p style=\"text-align: justify;\">O\u00f1atiren historia ez da liburuetan jasoa dagonea soilik, ezagutzen ez diren ertz asko geratzen dira. Begirada edo ikuspuntu berriak eskatzen ditu ertz hoiek bistaratzeko. Helburu honekin dator Ismael Manterolak gidaturiko bisita, Arantzazu euskal historia nahiz kulturaren ikur.<\/p>\n<p style=\"text-align: center;\">10:00etan<em><strong>\u00a0\u00abArte ala ondare? Arantzazu ikur\u00bb<\/strong><\/em>.\u00a0<a href=\"http:\/\/www.xn--oatiturismo-1db.eus\/listings\/arantzazuko-santutegia\/\">Arantzazuko Santutegian.<\/a><\/p>\n<p style=\"text-align: center;\">Informazio gehiago eta erreserbak:\u00a0<a href=\"mailto:turismo@onati.eus\">turismo@onati.eus<\/a>\u00a0edo 943783453<\/p>\n<h5 style=\"text-align: left;\">Maiatzak 25: WWT-Emakume Bira O\u00f1atin<\/h5>\n<p style=\"text-align: justify;\">La etapa m\u00e1s larga, la etapa con m\u00e1s desnivel; en resumen, la etapa reina para cerrar la <a href=\"https:\/\/emakumeen-bira.eus\/etapa4\/\">Emakumeen Bira 2019<\/a>. El broche id\u00f3neo para que las escaladoras puedan jugarse la clasificaci\u00f3n general de la carrera. \u00a0Tras unos kil\u00f3metros de \u201cpreparaci\u00f3n\u201d afrontar\u00e1n la asequible subida a Udana. Tras llegar a Ormaiztegi, Atagoiti ser\u00e1 la segunda dificultad que afronte el pelot\u00f3n. Una subida larga antes de volver a pasar por Udana y afrontar la tachuela de Untzilla, una subida corta pero muy irregular que seleccionar\u00e1 m\u00e1s el pelot\u00f3n. Tras una bajada peligrosa hacia Aretxabaleta, el pelot\u00f3n afrontar\u00e1 el coloso de Asentzio antes de volver a O\u00f1ati para completar los 156 kil\u00f3metros de la etapa final.<\/p>\n<h4>naturaleza y tradici\u00f3n en mayo<\/h4>\n<p><span class=\"aligncenter\"><img loading=\"lazy\" decoding=\"async\" class=\"aligncenter size-full wp-image-12351\" src=\"http:\/\/www.o\u00f1atiturismo.eus\/wp-content\/uploads\/2019\/05\/ekaina.jpg\" alt=\"ekaina\" width=\"600\" height=\"200\" srcset=\"https:\/\/xn--oatiturismo-1db.eus\/wp-content\/uploads\/2019\/05\/ekaina.jpg 600w, https:\/\/xn--oatiturismo-1db.eus\/wp-content\/uploads\/2019\/05\/ekaina-300x100.jpg 300w, https:\/\/xn--oatiturismo-1db.eus\/wp-content\/uploads\/2019\/05\/ekaina-450x150.jpg 450w\" sizes=\"auto, (max-width: 600px) 100vw, 600px\" \/><\/span><\/p>\n<h5>D\u00eda Mundial de las Cuevas<\/h5>\n<p>Ekainaren 6ean lurpearen mundu eguna ospatzen da. Horren harira bisita eta ekintza bereziak antolatu dira O\u00f1atin, espeleologia bisitak txiki nahiz helduentzako<a href=\"http:\/\/www.xn--oatiturismo-1db.eus\/listings\/arrikrutz-onatiko-kobak\/\">\u00a0Arrikrutz-O\u00f1atiko kobetan<\/a>\u00a0eta europako zaldi zaharrena ezagutzeko ekintza bereziak\u00a0<a href=\"http:\/\/www.pottokaleku.com\/index.php\/eu\/\">Pottokalekun<\/a>.<\/p>\n<h5>1 de junio. Tras el le\u00f3n de Arrikrutz.<\/h5>\n<p style=\"text-align: justify;\"><a href=\"http:\/\/www.xn--oatiturismo-1db.eus\/listings\/espeleotxiki\/\">Abentura eta dibertsioa<\/a>\u00a0Arrikrutz O\u00f1atiko kobetan txiki eta familientzako. 6 urtetik gorakoentzako espeleologia eta kobazuloen explorazioan murgiltzeko aukera bikaina.<\/p>\n<p style=\"text-align: center;\">Elkartze puntua:\u00a0<a href=\"http:\/\/www.xn--oatiturismo-1db.eus\/listings\/ibilbide-geologikoa\/\">Arrikrutz Interpretazio Zentrua<\/a>.<\/p>\n<p style=\"text-align: center;\">Ordua: 15:30.<\/p>\n<p style=\"text-align: center;\">Informazio gehiago eta erreserbak:\u00a0<a href=\"mailto:arrikrutz@onati.eus\">arrikrutz@onati.eus<\/a>\u00a0edo 943082000.<\/p>\n<h5 style=\"text-align: justify;\">2 de junio. \u00a1Ven a conocer la pottoka!<\/h5>\n<p>Bisita berezia\u00a0<a href=\"http:\/\/www.xn--oatiturismo-1db.eus\/listings\/pottokaleku\/\">Pottokalekura<\/a>\u00a0Europako zaldirik zaharrena gertutik ezagutzeko.<\/p>\n<p style=\"text-align: center;\">Elkartze puntua: Urtiagaineko aparkalekua<\/p>\n<p style=\"text-align: center;\">Ordua: 11:00<\/p>\n<p style=\"text-align: center;\">Informazio gehiago eta erreserbak: 670 27 44 61<\/p>\n<h5 style=\"text-align: left;\">9 de junio. EspeleoArrikrutz<\/h5>\n<p style=\"text-align: justify;\"><a href=\"http:\/\/www.xn--oatiturismo-1db.eus\/listings\/espeleoarrikrutz\/\">Espeleoturismo bisita<\/a>\u00a0Arrikrutz-O\u00f1atiko kobetan. 18 urtetik gorakoei bideratua, bisita gidatu honetan Gipuzkoan ezagutzen den kobazulorik handienak ilunpe eta ixiltasunean gordea duen izkutuko edertasuna deskubritzeko aukera.<\/p>\n<p style=\"text-align: center;\">Elkartze puntua:\u00a0<a href=\"http:\/\/www.xn--oatiturismo-1db.eus\/listings\/ibilbide-geologikoa\/\">Arrikrutz Interpretazio Zentrua<\/a>.<\/p>\n<p style=\"text-align: center;\">Ordua: 09:30.<\/p>\n<p style=\"text-align: center;\">Informazio gehiago eta erreserbak:\u00a0<a href=\"mailto:arrikrutz@onati.eus\">arrikrutz@onati.eus<\/a>\u00a0edo 943082000.<\/p>\n<p><\/p>","protected":false},"excerpt":{"rendered":"<p>En mayo las mujeres de O\u00f1ati salen del olvido y el patrimonio de Arantzazu se observa desde una mirada diferente. En junio el D\u00eda Mundial de las Cuevas y la tradicional celebraci\u00f3n del Corpus Cristi completan el programa. Esta primavera O\u00f1ati ofrece un programa completo con exposiciones, visitas guiadas especiales, jornadas equinas y fiestas tradicionales. [&hellip;]<\/p>\n","protected":false},"author":2,"featured_media":12353,"comment_status":"closed","ping_status":"closed","sticky":false,"template":"","format":"standard","meta":{"url":"","client":"","location":"","start_date":"","end_date":"","footnotes":""},"categories":[173,13,126,127,138],"tags":[131,132,152,200,146,254,256,148,244,129,149,137,255],"class_list":["post-12350","post","type-post","status-publish","format-standard","has-post-thumbnail","hentry","category-corpus-christi","category-culture","category-kobak","category-natura","category-visitas-guiadas","tag-arrikrutz-onati-kobak","tag-bisita-berezia","tag-corpus-christi","tag-cuevas-arrikrutz","tag-cultura","tag-emakumeak","tag-emakumeebira","tag-historia","tag-lurpea","tag-planak-umeekin","tag-santuario-arantzazu","tag-visita-especial","tag-wwt"],"_links":{"self":[{"href":"https:\/\/xn--oatiturismo-1db.eus\/es\/wp-json\/wp\/v2\/posts\/12350","targetHints":{"allow":["GET"]}}],"collection":[{"href":"https:\/\/xn--oatiturismo-1db.eus\/es\/wp-json\/wp\/v2\/posts"}],"about":[{"href":"https:\/\/xn--oatiturismo-1db.eus\/es\/wp-json\/wp\/v2\/types\/post"}],"author":[{"embeddable":true,"href":"https:\/\/xn--oatiturismo-1db.eus\/es\/wp-json\/wp\/v2\/users\/2"}],"replies":[{"embeddable":true,"href":"https:\/\/xn--oatiturismo-1db.eus\/es\/wp-json\/wp\/v2\/comments?post=12350"}],"version-history":[{"count":4,"href":"https:\/\/xn--oatiturismo-1db.eus\/es\/wp-json\/wp\/v2\/posts\/12350\/revisions"}],"predecessor-version":[{"id":12357,"href":"https:\/\/xn--oatiturismo-1db.eus\/es\/wp-json\/wp\/v2\/posts\/12350\/revisions\/12357"}],"wp:featuredmedia":[{"embeddable":true,"href":"https:\/\/xn--oatiturismo-1db.eus\/es\/wp-json\/wp\/v2\/media\/12353"}],"wp:attachment":[{"href":"https:\/\/xn--oatiturismo-1db.eus\/es\/wp-json\/wp\/v2\/media?parent=12350"}],"wp:term":[{"taxonomy":"category","embeddable":true,"href":"https:\/\/xn--oatiturismo-1db.eus\/es\/wp-json\/wp\/v2\/categories?post=12350"},{"taxonomy":"post_tag","embeddable":true,"href":"https:\/\/xn--oatiturismo-1db.eus\/es\/wp-json\/wp\/v2\/tags?post=12350"}],"curies":[{"name":"wp","href":"https:\/\/api.w.org\/{rel}","templated":true}]}}